{"id":2597,"date":"2024-12-21T15:38:46","date_gmt":"2024-12-21T14:38:46","guid":{"rendered":"https:\/\/beeteal.be\/?p=2597"},"modified":"2025-01-23T15:40:03","modified_gmt":"2025-01-23T14:40:03","slug":"invisible-et-silencieuse-la-charge-mentale-concerne-tous-vos-collaborateurs","status":"publish","type":"post","link":"https:\/\/beeteal.be\/?p=2597","title":{"rendered":"Invisible et silencieuse, la charge mentale concerne tous vos collaborateurs."},"content":{"rendered":"\n[et_pb_section fb_built=\u00a0\u00bb1&Prime; _builder_version=\u00a0\u00bb4.17.2&Prime; _module_preset=\u00a0\u00bbdefault\u00a0\u00bb global_colors_info=\u00a0\u00bb{}\u00a0\u00bb theme_builder_area=\u00a0\u00bbpost_content\u00a0\u00bb][et_pb_row _builder_version=\u00a0\u00bb4.17.2&Prime; _module_preset=\u00a0\u00bbdefault\u00a0\u00bb global_colors_info=\u00a0\u00bb{}\u00a0\u00bb theme_builder_area=\u00a0\u00bbpost_content\u00a0\u00bb][et_pb_column type=\u00a0\u00bb4_4&Prime; _builder_version=\u00a0\u00bb4.17.2&Prime; _module_preset=\u00a0\u00bbdefault\u00a0\u00bb global_colors_info=\u00a0\u00bb{}\u00a0\u00bb theme_builder_area=\u00a0\u00bbpost_content\u00a0\u00bb][et_pb_text _builder_version=\u00a0\u00bb4.17.2&Prime; _module_preset=\u00a0\u00bbdefault\u00a0\u00bb hover_enabled=\u00a0\u00bb0&Prime; global_colors_info=\u00a0\u00bb{}\u00a0\u00bb theme_builder_area=\u00a0\u00bbpost_content\u00a0\u00bb sticky_enabled=\u00a0\u00bb0&Prime;]<p><span>\ud83d\udc40 Invisible et silencieuse, la charge mentale concerne tous vos collaborateurs.<\/span><span><br \/><\/span><span class=\"white-space-pre\"> <\/span><span><br \/><\/span><span>\ud83d\udcca Gestion de projet, changements constants dans l\u2019entreprise, prise de d\u00e9cision, deadlines, notifications\u2026 Cette charge mentale impacte la productivit\u00e9 mais aussi, et surtout, le bien-\u00eatre de vos \u00e9quipes. \ud83c\udf31\ud83d\udca1<\/span><span><br \/><\/span><span>Voici quelques pistes pour que chacun puisse s\u2019\u00e9panouir davantage dans son travail :<\/span><span><br \/><\/span><span><br \/><\/span><span>1. Prioriser ses t\u00e2ches<\/span><span><br \/><\/span><span class=\"white-space-pre\"> <\/span><span>\u27a1\ufe0f Tout n\u2019est pas urgent ! Apprenez \u00e0 d\u00e9finir des objectifs clairs, \u00e0 court et long terme.<\/span><span><br \/><\/span><span class=\"white-space-pre\"> <\/span><span>\ud83d\udee0\ufe0f Des m\u00e9thodes simples existent pour hi\u00e9rarchiser les priorit\u00e9s, comme la matrice d\u2019Eisenhower, qui s\u2019organise par ordre d\u2019urgence et d\u2019importance.<\/span><span><br \/><\/span><span class=\"white-space-pre\"> <\/span><span>\u2705 Organisation efficace = Moins de stress \ud83d\ude0e<\/span><span><br \/><\/span><span><br \/><\/span><span>2. Prendre des pauses<\/span><span><br \/><\/span><span class=\"white-space-pre\"> <\/span><span>\ud83d\udd52 Pas besoin de pauses d\u2019une heure : un caf\u00e9, un th\u00e9, ou m\u00eame une courte marche suffisent pour rel\u00e2cher la pression. Prenez ces moments pour revenir plus apais\u00e9 et avec une perspective renouvel\u00e9e. \u2615\ud83e\uddd8\u200d\u2642\ufe0f<\/span><span><br \/><\/span><span class=\"white-space-pre\"> <\/span><span>\ud83d\udc65 Managers, vous avez un r\u00f4le cl\u00e9 : encouragez vos \u00e9quipes \u00e0 s\u2019octroyer ces temps de pause essentiels !<\/span><span><br \/><\/span><span><br \/><\/span><span>3. \u00catre \u00e0 l\u2019\u00e9coute<\/span><span><br \/><\/span><span class=\"white-space-pre\"> <\/span><span>\ud83e\udde0 La charge mentale est un stress souvent invisible, mais bien r\u00e9el.<\/span><span><br \/><\/span><span class=\"white-space-pre\"> <\/span><span>\ud83c\udf99\ufe0f Donnez la parole \u00e0 vos collaborateurs : plus ils auront la libert\u00e9 de s\u2019exprimer, plus ils se sentiront soutenus et en confiance.<\/span><span><br \/><\/span><span class=\"white-space-pre\"> <\/span><span>\ud83e\udd1d Un dialogue ouvert favorise l\u2019adaptabilit\u00e9 et la s\u00e9r\u00e9nit\u00e9 au sein des \u00e9quipes.<\/span><span><br \/><\/span><span><br \/><\/span><span>3. Revenir au SENS et au COLLECTIF\u00a0:\u00a0Regardez les extraits de cette conversation avec<\/span><span class=\"white-space-pre\"> <\/span><a class=\"THGLZiYzqWGWKdttMOgKMIHkarZmDticds \" target=\"_self\" href=\"https:\/\/www.linkedin.com\/in\/ACoAAAAebFEB3NO7ur4-Hh_kEr0BoIiLWbEqMaE\" data-test-app-aware-link=\"\"><span><\/span><\/a><a href=\"https:\/\/www.linkedin.com\/in\/benoitdebellefroid\/\" id=\"ember1387\" class=\"ember-view\">Benoit de Bellefroid<\/a><span class=\"white-space-pre\"> <\/span><span>lors de notre session<\/span><span class=\"white-space-pre\"> <\/span><a class=\"THGLZiYzqWGWKdttMOgKMIHkarZmDticds \" target=\"_self\" href=\"https:\/\/www.linkedin.com\/company\/altitudeecosystem\/\" data-test-app-aware-link=\"\"><span>Altitude<\/span><\/a><span class=\"white-space-pre\"> <\/span><span><br \/><\/span><span><br \/><\/span><span>Avec BeeTeal, mettez en place des pratiques saines pour r\u00e9duire cette pression invisible dans votre entreprise. \ud83d\ude80\ud83d\udcbc<\/span><span><br \/><\/span><\/p>\n<p>&nbsp;<\/p>[\/et_pb_text][\/et_pb_column][\/et_pb_row][\/et_pb_section]\n","protected":false},"excerpt":{"rendered":"<p>\ud83d\udc40 Invisible et silencieuse, la charge mentale concerne tous vos collaborateurs. \ud83d\udcca Gestion de projet, changements constants dans l\u2019entreprise, prise de d\u00e9cision, deadlines, notifications\u2026 Cette charge mentale impacte la productivit\u00e9 mais aussi, et surtout, le bien-\u00eatre de vos \u00e9quipes. \ud83c\udf31\ud83d\udca1Voici quelques pistes pour que chacun puisse s\u2019\u00e9panouir davantage dans son travail :1. Prioriser ses t\u00e2ches [&hellip;]<\/p>\n","protected":false},"author":1,"featured_media":2600,"comment_status":"open","ping_status":"open","sticky":false,"template":"","format":"standard","meta":{"_et_pb_use_builder":"on","_et_pb_old_content":"","_et_gb_content_width":"","footnotes":""},"categories":[1],"tags":[],"class_list":["post-2597","post","type-post","status-publish","format-standard","has-post-thumbnail","hentry","category-non-classifiee"],"_links":{"self":[{"href":"https:\/\/beeteal.be\/index.php?rest_route=\/wp\/v2\/posts\/2597","targetHints":{"allow":["GET"]}}],"collection":[{"href":"https:\/\/beeteal.be\/index.php?rest_route=\/wp\/v2\/posts"}],"about":[{"href":"https:\/\/beeteal.be\/index.php?rest_route=\/wp\/v2\/types\/post"}],"author":[{"embeddable":true,"href":"https:\/\/beeteal.be\/index.php?rest_route=\/wp\/v2\/users\/1"}],"replies":[{"embeddable":true,"href":"https:\/\/beeteal.be\/index.php?rest_route=%2Fwp%2Fv2%2Fcomments&post=2597"}],"version-history":[{"count":3,"href":"https:\/\/beeteal.be\/index.php?rest_route=\/wp\/v2\/posts\/2597\/revisions"}],"predecessor-version":[{"id":2602,"href":"https:\/\/beeteal.be\/index.php?rest_route=\/wp\/v2\/posts\/2597\/revisions\/2602"}],"wp:featuredmedia":[{"embeddable":true,"href":"https:\/\/beeteal.be\/index.php?rest_route=\/wp\/v2\/media\/2600"}],"wp:attachment":[{"href":"https:\/\/beeteal.be\/index.php?rest_route=%2Fwp%2Fv2%2Fmedia&parent=2597"}],"wp:term":[{"taxonomy":"category","embeddable":true,"href":"https:\/\/beeteal.be\/index.php?rest_route=%2Fwp%2Fv2%2Fcategories&post=2597"},{"taxonomy":"post_tag","embeddable":true,"href":"https:\/\/beeteal.be\/index.php?rest_route=%2Fwp%2Fv2%2Ftags&post=2597"}],"curies":[{"name":"wp","href":"https:\/\/api.w.org\/{rel}","templated":true}]}}